{"id":13956,"date":"2025-02-07T16:03:48","date_gmt":"2025-02-07T08:03:48","guid":{"rendered":"https:\/\/bbscore.com\/?p=13956"},"modified":"2025-02-07T16:04:11","modified_gmt":"2025-02-07T08:04:11","slug":"real-madrid-and-fluminense-idol-marcelo-has-retired-from-football","status":"publish","type":"post","link":"https:\/\/bbscore.com\/pt\/news\/real-madrid-and-fluminense-idol-marcelo-has-retired-from-football\/","title":{"rendered":"O \u00eddolo do Real Madrid e Fluminense, Marcelo, se aposentou do futebol"},"content":{"rendered":"<p>O lateral-esquerdo estava sem clube desde que rescindiu seu contrato com o Fluminense no final de 2024.<\/p>\n\n\n<figure class=\"wp-block-post-featured-image\"><img fetchpriority=\"high\" decoding=\"async\" width=\"1080\" height=\"1350\" src=\"https:\/\/bbscore.com\/wp-content\/uploads\/2025\/02\/real-madrid-and-fluminense-idol-marcelo-has-retired-from-football.png\" class=\"attachment-post-thumbnail size-post-thumbnail wp-post-image\" alt=\"O \u00eddolo do Real Madrid e Fluminense, Marcelo, se aposentou do futebol\" style=\"object-fit:cover;\" srcset=\"https:\/\/bbscore.com\/wp-content\/uploads\/2025\/02\/real-madrid-and-fluminense-idol-marcelo-has-retired-from-football.png 1080w, https:\/\/bbscore.com\/wp-content\/uploads\/2025\/02\/real-madrid-and-fluminense-idol-marcelo-has-retired-from-football-240x300.png 240w, https:\/\/bbscore.com\/wp-content\/uploads\/2025\/02\/real-madrid-and-fluminense-idol-marcelo-has-retired-from-football-819x1024.png 819w, https:\/\/bbscore.com\/wp-content\/uploads\/2025\/02\/real-madrid-and-fluminense-idol-marcelo-has-retired-from-football-768x960.png 768w, https:\/\/bbscore.com\/wp-content\/uploads\/2025\/02\/real-madrid-and-fluminense-idol-marcelo-has-retired-from-football-10x12.png 10w, https:\/\/bbscore.com\/wp-content\/uploads\/2025\/02\/real-madrid-and-fluminense-idol-marcelo-has-retired-from-football-520x650.png 520w\" sizes=\"(max-width: 1080px) 100vw, 1080px\" \/><\/figure>\n\n\n<p class=\" translation-block\">O futebol d\u00e1 adeus a uma lenda. Marcelo, multicampe\u00e3o e \u00eddolo do Real Madrid e Fluminense, anunciou sua aposentadoria dos gramados aos 36 anos nesta quinta-feira, dia 6. Ele estava sem clube desde a rescis\u00e3o de seu contrato com o Fluminense no final de 2024, ap\u00f3s uma disputa com o treinador Mano Menezes. Veja os principais resultados de futebol em <a href=\"\/pt\" target=\"_self\">meus resultados hoje ao vivo<\/a>.<\/p>\n\n\n\n<p>O lateral-esquerdo iniciou sua carreira no clube brasileiro e teve uma ascens\u00e3o mete\u00f3rica, sendo vendido ao Real Madrid em 2006. Antes disso, foi eleito o melhor em sua posi\u00e7\u00e3o no Campeonato Brasileiro de 2005.<\/p>\n\n\n\n<p>\u201cMinha jornada como jogador termina aqui, mas ainda tenho muito a dar ao futebol. Obrigado por tudo\u201d, disse Marcelo em um v\u00eddeo postado nas redes sociais.<\/p>\n\n\n\n<p>No clube espanhol, Marcelo se firmou como um dos maiores jogadores da sua posi\u00e7\u00e3o e se tornou o jogador mais condecorado da hist\u00f3ria do Real Madrid (posteriormente superado por Luka Modric e Carvajal), conquistando um total de 25 t\u00edtulos: cinco Ligas dos Campe\u00f5es, seis t\u00edtulos de La Liga, quatro Mundiais de Clubes, dois t\u00edtulos da Copa del Rey, cinco Supercopas da Espanha e tr\u00eas Supercopas da UEFA.<\/p>\n\n\n\n<p>Ap\u00f3s deixar a Espanha, teve uma breve passagem de seis meses pelo Olympiakos antes de anunciar seu retorno ao Fluminense, clube que o lan\u00e7ou no futebol profissional. Desde seu retorno, Marcelo disputou 68 partidas e conquistou os t\u00edtulos do Campeonato Carioca, da Copa Libertadores e da Recopa Sudamericana.<\/p>\n\n\n\n<p class=\" translation-block\">Pela sele\u00e7\u00e3o brasileira, ele ocupou a posi\u00e7\u00e3o de lateral-esquerdo titular por oito anos. Jogou nas Copas do Mundo de 2014 e 2018 e conquistou a Copa das Confedera\u00e7\u00f5es de 2013. Tamb\u00e9m ganhou medalhas de prata (2012) e bronze (2008) nos Jogos Ol\u00edmpicos. Fique por dentro de tudo com <a href=\"\/pt\" target=\"_self\">BB Score<\/a>.<\/p>","protected":false},"excerpt":{"rendered":"<p>The left-back had been without a club since terminating his contract with Fluminense at the [&hellip;]<\/p>","protected":false},"author":6,"featured_media":13957,"comment_status":"closed","ping_status":"closed","sticky":false,"template":"","format":"standard","meta":{"rank_math_lock_modified_date":false,"footnotes":""},"categories":[102],"tags":[103],"_links":{"self":[{"href":"https:\/\/bbscore.com\/pt\/wp-json\/wp\/v2\/posts\/13956"}],"collection":[{"href":"https:\/\/bbscore.com\/pt\/wp-json\/wp\/v2\/posts"}],"about":[{"href":"https:\/\/bbscore.com\/pt\/wp-json\/wp\/v2\/types\/post"}],"author":[{"embeddable":true,"href":"https:\/\/bbscore.com\/pt\/wp-json\/wp\/v2\/users\/6"}],"replies":[{"embeddable":true,"href":"https:\/\/bbscore.com\/pt\/wp-json\/wp\/v2\/comments?post=13956"}],"version-history":[{"count":1,"href":"https:\/\/bbscore.com\/pt\/wp-json\/wp\/v2\/posts\/13956\/revisions"}],"predecessor-version":[{"id":13958,"href":"https:\/\/bbscore.com\/pt\/wp-json\/wp\/v2\/posts\/13956\/revisions\/13958"}],"wp:featuredmedia":[{"embeddable":true,"href":"https:\/\/bbscore.com\/pt\/wp-json\/wp\/v2\/media\/13957"}],"wp:attachment":[{"href":"https:\/\/bbscore.com\/pt\/wp-json\/wp\/v2\/media?parent=13956"}],"wp:term":[{"taxonomy":"category","embeddable":true,"href":"https:\/\/bbscore.com\/pt\/wp-json\/wp\/v2\/categories?post=13956"},{"taxonomy":"post_tag","embeddable":true,"href":"https:\/\/bbscore.com\/pt\/wp-json\/wp\/v2\/tags?post=13956"}],"curies":[{"name":"wp","href":"https:\/\/api.w.org\/{rel}","templated":true}]}}