{"id":12833,"date":"2024-11-12T20:44:29","date_gmt":"2024-11-12T12:44:29","guid":{"rendered":"https:\/\/bbscore.com\/?p=12833"},"modified":"2024-11-13T11:21:15","modified_gmt":"2024-11-13T03:21:15","slug":"after-copa-do-brasil-title-gabigol-announces-he-will-join-cruzeiro","status":"publish","type":"post","link":"https:\/\/bbscore.com\/pt\/news\/after-copa-do-brasil-title-gabigol-announces-he-will-join-cruzeiro\/","title":{"rendered":"Ap\u00f3s t\u00edtulo da Copa do Brasil, Gabigol anuncia que ir\u00e1 para o Cruzeiro"},"content":{"rendered":"<p>Atacante e diretoria rubro-negra tiveram desaven\u00e7as ao longo da temporada.<\/p>\n\n\n<figure class=\"wp-block-post-featured-image\"><img fetchpriority=\"high\" decoding=\"async\" width=\"599\" height=\"599\" src=\"https:\/\/bbscore.com\/wp-content\/uploads\/2024\/11\/after-copa-do-brasil-title-gabigol-announces-he-will-join-cruzeiro.png\" class=\"attachment-post-thumbnail size-post-thumbnail wp-post-image\" alt=\"Ap\u00f3s t\u00edtulo da Copa do Brasil, Gabigol anuncia que ir\u00e1 para o Cruzeiro\" style=\"object-fit:cover;\" srcset=\"https:\/\/bbscore.com\/wp-content\/uploads\/2024\/11\/after-copa-do-brasil-title-gabigol-announces-he-will-join-cruzeiro.png 599w, https:\/\/bbscore.com\/wp-content\/uploads\/2024\/11\/after-copa-do-brasil-title-gabigol-announces-he-will-join-cruzeiro-300x300.png 300w, https:\/\/bbscore.com\/wp-content\/uploads\/2024\/11\/after-copa-do-brasil-title-gabigol-announces-he-will-join-cruzeiro-150x150.png 150w, https:\/\/bbscore.com\/wp-content\/uploads\/2024\/11\/after-copa-do-brasil-title-gabigol-announces-he-will-join-cruzeiro-12x12.png 12w\" sizes=\"(max-width: 599px) 100vw, 599px\" \/><\/figure>\n\n\n<p class=\" translation-block\">Ainda no gramado da Arena MRV, Gabigol anunciou que n\u00e3o continuar\u00e1 no Flamengo em 2025. A situa\u00e7\u00e3o, que j\u00e1 vinha se desenrolando ao longo da temporada, foi confirmada pouco depois: o atacante ir\u00e1 para o Cruzeiro no pr\u00f3ximo ano. Fique por dentro dos \u00faltimos resultados de futebol no <a href=\"\/pt\" target=\"_self\">meus resultados de futebol<\/a>.<\/p>\n\n\n\n<p>O acerto \u00e9 um sonho de consumo do novo s\u00f3cio majorit\u00e1rio da SAF cruzeirense, Pedro Louren\u00e7o, apesar de toda a cautela adotada internamente. Desde que o jogador come\u00e7ou a ter problemas para a renova\u00e7\u00e3o com a diretoria rubro-negra, seu nome foi especulado em alguns clubes brasileiros.<\/p>\n\n\n\n<p>Primeiro, o Palmeiras demonstrou interesse no atacante, mas as negocia\u00e7\u00f5es n\u00e3o avan\u00e7aram devido \u00e0 rivalidade entre os dois clubes e a alta salarial pedida pelo estafe do jogador. Depois, o Santos quis tentar repatriar Gabigol \u2013 que \u00e9 cria da Vila \u2013 no meio do ano, mas tamb\u00e9m sem sucesso.<\/p>\n\n\n\n<p>O contrato ainda n\u00e3o est\u00e1 assinado, mas as bases j\u00e1 est\u00e3o todas firmadas. De acordo com o jogador, n\u00e3o houve um retorno do Flamengo nas conversas por uma renova\u00e7\u00e3o e por isso o Cruzeiro foi atr\u00e1s dele. O acerto prev\u00ea um sal\u00e1rio com remunera\u00e7\u00e3o \u201cdo tamanho do atacante\u201d e um longo tempo de contrato \u2013 quatro anos \u2013, al\u00e9m de luvas e b\u00f4nus.<\/p>\n\n\n\n<p>A oficializa\u00e7\u00e3o deve acontecer logo ap\u00f3s a final da Copa Sul-Americana, no dia 23 de novembro, quando o Cruzeiro enfrenta o Racing. O time tenta se cercar de qualquer quest\u00e3o interna que possa atrapalhar a concentra\u00e7\u00e3o da equipe para a decis\u00e3o.<\/p>\n\n\n\n<p class=\" translation-block\">Ap\u00f3s v\u00e1rios anos de crise, incluindo tr\u00eas temporadas na S\u00e9rie B, o Cruzeiro est\u00e1 ansioso para retomar seu protagonismo no cen\u00e1rio nacional e internacional do futebol. A contrata\u00e7\u00e3o de Gabigol \u00e9 um passo significativo nesse sentido. Com 160 gols em 305 jogos pelo Flamengo, Gabigol conquistou, entre outros t\u00edtulos, duas Libertadores, duas Copas do Brasil e dois Campeonatos Brasileiros, tornando-se o jogador ideal para a recupera\u00e7\u00e3o do clube mineiro. Fique \u00e0 frente com o <a href=\"\/pt\" target=\"_self\">BBscore futebol<\/a>.<\/p>","protected":false},"excerpt":{"rendered":"<p>The striker and the Flamengo board had disagreements throughout the season. Still on the pitch [&hellip;]<\/p>","protected":false},"author":6,"featured_media":12868,"comment_status":"closed","ping_status":"closed","sticky":false,"template":"","format":"standard","meta":{"rank_math_lock_modified_date":false,"footnotes":""},"categories":[60],"tags":[61],"_links":{"self":[{"href":"https:\/\/bbscore.com\/pt\/wp-json\/wp\/v2\/posts\/12833"}],"collection":[{"href":"https:\/\/bbscore.com\/pt\/wp-json\/wp\/v2\/posts"}],"about":[{"href":"https:\/\/bbscore.com\/pt\/wp-json\/wp\/v2\/types\/post"}],"author":[{"embeddable":true,"href":"https:\/\/bbscore.com\/pt\/wp-json\/wp\/v2\/users\/6"}],"replies":[{"embeddable":true,"href":"https:\/\/bbscore.com\/pt\/wp-json\/wp\/v2\/comments?post=12833"}],"version-history":[{"count":1,"href":"https:\/\/bbscore.com\/pt\/wp-json\/wp\/v2\/posts\/12833\/revisions"}],"predecessor-version":[{"id":12840,"href":"https:\/\/bbscore.com\/pt\/wp-json\/wp\/v2\/posts\/12833\/revisions\/12840"}],"wp:featuredmedia":[{"embeddable":true,"href":"https:\/\/bbscore.com\/pt\/wp-json\/wp\/v2\/media\/12868"}],"wp:attachment":[{"href":"https:\/\/bbscore.com\/pt\/wp-json\/wp\/v2\/media?parent=12833"}],"wp:term":[{"taxonomy":"category","embeddable":true,"href":"https:\/\/bbscore.com\/pt\/wp-json\/wp\/v2\/categories?post=12833"},{"taxonomy":"post_tag","embeddable":true,"href":"https:\/\/bbscore.com\/pt\/wp-json\/wp\/v2\/tags?post=12833"}],"curies":[{"name":"wp","href":"https:\/\/api.w.org\/{rel}","templated":true}]}}