{"id":12705,"date":"2024-11-05T16:04:03","date_gmt":"2024-11-05T08:04:03","guid":{"rendered":"https:\/\/bbscore.com\/?p=12705"},"modified":"2024-11-11T17:15:07","modified_gmt":"2024-11-11T09:15:07","slug":"a-year-after-winning-the-libertadores-fluminense-parts-ways-with-marcelo","status":"publish","type":"post","link":"https:\/\/bbscore.com\/pt\/news\/a-year-after-winning-the-libertadores-fluminense-parts-ways-with-marcelo\/","title":{"rendered":"Um ano ap\u00f3s o t\u00edtulo da Libertadores, Fluminense rescinde com Marcelo"},"content":{"rendered":"<p>Rela\u00e7\u00e3o do jogador nos bastidores n\u00e3o era boa.<\/p>\n\n\n<figure class=\"wp-block-post-featured-image\"><img fetchpriority=\"high\" decoding=\"async\" width=\"1080\" height=\"1080\" src=\"https:\/\/bbscore.com\/wp-content\/uploads\/2024\/11\/a-year-after-winning-the-libertadores-fluminense-parts-ways-with-marcelo.webp\" class=\"attachment-post-thumbnail size-post-thumbnail wp-post-image\" alt=\"A year after winning the Libertadores, Fluminense parts ways with Marcelo.\" style=\"object-fit:cover;\" srcset=\"https:\/\/bbscore.com\/wp-content\/uploads\/2024\/11\/a-year-after-winning-the-libertadores-fluminense-parts-ways-with-marcelo.webp 1080w, https:\/\/bbscore.com\/wp-content\/uploads\/2024\/11\/a-year-after-winning-the-libertadores-fluminense-parts-ways-with-marcelo-300x300.webp 300w, https:\/\/bbscore.com\/wp-content\/uploads\/2024\/11\/a-year-after-winning-the-libertadores-fluminense-parts-ways-with-marcelo-1024x1024.webp 1024w, https:\/\/bbscore.com\/wp-content\/uploads\/2024\/11\/a-year-after-winning-the-libertadores-fluminense-parts-ways-with-marcelo-150x150.webp 150w, https:\/\/bbscore.com\/wp-content\/uploads\/2024\/11\/a-year-after-winning-the-libertadores-fluminense-parts-ways-with-marcelo-768x768.webp 768w, https:\/\/bbscore.com\/wp-content\/uploads\/2024\/11\/a-year-after-winning-the-libertadores-fluminense-parts-ways-with-marcelo-12x12.webp 12w, https:\/\/bbscore.com\/wp-content\/uploads\/2024\/11\/a-year-after-winning-the-libertadores-fluminense-parts-ways-with-marcelo-650x650.webp 650w\" sizes=\"(max-width: 1080px) 100vw, 1080px\" \/><\/figure>\n\n\n<p class=\" translation-block\">Um ano ap\u00f3s conquistar a Copa Libertadores pela primeira vez em sua hist\u00f3ria, o Fluminense anunciou a rescis\u00e3o do contrato de Marcelo. O lateral multi-campe\u00e3o, que havia conquistado diversos t\u00edtulos com o Real Madrid, retornou ao seu clube de origem no in\u00edcio de 2023. Durante seu tempo no Fluminense, ele ajudou a equipe a conquistar n\u00e3o apenas a Libertadores, mas tamb\u00e9m a Recopa Sudamericana e o Campeonato Carioca. Confira as \u00faltimas atualiza\u00e7\u00f5es de futebol em <a href=\"\/pt\" target=\"_self\">os meusresultados<\/a>.<\/p>\n\n\n\n<p>O estopim para a decis\u00e3o foi a discuss\u00e3o entre o jogador e o t\u00e9cnico Mano Menezes durante o jogo contra o Gr\u00eamio na \u00faltima sexta-feira. Segundo os relatos e imagens, o lateral teria se recusado a receber instru\u00e7\u00f5es do treinador, que reagiu de maneira incisiva e n\u00e3o o colocou em campo.<\/p>\n\n\n\n<p>De acordo com fontes internas do clube, Mano comunicou \u00e0 diretoria que n\u00e3o trabalharia mais com Marcelo ap\u00f3s o incidente e recebeu apoio de algumas lideran\u00e7as do elenco. que j\u00e1 andavam incomodadas com o comportamento do jogador \u2013 a diretoria agiu r\u00e1pido e anunciou a rescis\u00e3o no dia seguinte.<\/p>\n\n\n\n<p>H\u00e1 relatos de que o multicampe\u00e3o tratava mal at\u00e9 mesmo funcion\u00e1rios do clube e, segundo muitos jogadores, faltava comprometimento e entendimento da atual situa\u00e7\u00e3o do Fluminense, que luta contra o rebaixamento.<\/p>\n\n\n\n<p>Na partida anterior ao Gr\u00eamio, contra o Vit\u00f3ria no Barrad\u00e3o, uma atitude de Marcelo j\u00e1 havia causado mal estar. Durante o jogo, que era confronto direto pela perman\u00eancia, o jogador perguntou mais de uma vez \u00e0 rep\u00f3rter quanto estava o jogo do Real Madrid contra o Barcelona. O tricolor foi derrotado por 2 a 1 e Marcelo entrou j\u00e1 nos minutos finais.<\/p>\n\n\n\n<p>Chama a aten\u00e7\u00e3o tamb\u00e9m o baixo n\u00famero de jogos que o lateral fez fora do Rio de Janeiro, sempre alegando dores para n\u00e3o participar. Ap\u00f3s o an\u00fancio, ele se despediu do clube nas redes sociais e disse que \u201cassim como o Sol, a verdade sempre sair\u00e1\u201d.<\/p>\n\n\n\n<p class=\" translation-block\">Marcelo se despede do Fluminense com 68 jogos nesta segunda passagem pelo clube. Desde seu retorno ao Brasil em 2023, ele marcou cinco gols e deu tr\u00eas assist\u00eancias. Fique \u00e0 frente do jogo com <a href=\"\/pt\" target=\"_self\">BBscore futebol<\/a>.<\/p>","protected":false},"excerpt":{"rendered":"<p>The player&#8217;s relationship behind the scenes was not good. One year after winning the Copa [&hellip;]<\/p>","protected":false},"author":6,"featured_media":12809,"comment_status":"closed","ping_status":"closed","sticky":false,"template":"","format":"standard","meta":{"rank_math_lock_modified_date":false,"footnotes":""},"categories":[60],"tags":[61],"_links":{"self":[{"href":"https:\/\/bbscore.com\/pt\/wp-json\/wp\/v2\/posts\/12705"}],"collection":[{"href":"https:\/\/bbscore.com\/pt\/wp-json\/wp\/v2\/posts"}],"about":[{"href":"https:\/\/bbscore.com\/pt\/wp-json\/wp\/v2\/types\/post"}],"author":[{"embeddable":true,"href":"https:\/\/bbscore.com\/pt\/wp-json\/wp\/v2\/users\/6"}],"replies":[{"embeddable":true,"href":"https:\/\/bbscore.com\/pt\/wp-json\/wp\/v2\/comments?post=12705"}],"version-history":[{"count":1,"href":"https:\/\/bbscore.com\/pt\/wp-json\/wp\/v2\/posts\/12705\/revisions"}],"predecessor-version":[{"id":12706,"href":"https:\/\/bbscore.com\/pt\/wp-json\/wp\/v2\/posts\/12705\/revisions\/12706"}],"wp:featuredmedia":[{"embeddable":true,"href":"https:\/\/bbscore.com\/pt\/wp-json\/wp\/v2\/media\/12809"}],"wp:attachment":[{"href":"https:\/\/bbscore.com\/pt\/wp-json\/wp\/v2\/media?parent=12705"}],"wp:term":[{"taxonomy":"category","embeddable":true,"href":"https:\/\/bbscore.com\/pt\/wp-json\/wp\/v2\/categories?post=12705"},{"taxonomy":"post_tag","embeddable":true,"href":"https:\/\/bbscore.com\/pt\/wp-json\/wp\/v2\/tags?post=12705"}],"curies":[{"name":"wp","href":"https:\/\/api.w.org\/{rel}","templated":true}]}}